{"id":1160,"date":"2024-03-04T13:37:44","date_gmt":"2024-03-04T12:37:44","guid":{"rendered":"https:\/\/www.achala.ch\/?p=1160"},"modified":"2025-02-21T09:22:45","modified_gmt":"2025-02-21T08:22:45","slug":"goenn-dir-eine-auszeit","status":"publish","type":"post","link":"https:\/\/www.achala.ch\/fr\/goenn-dir-eine-auszeit\/","title":{"rendered":"G\u00f6nn Dir eine AUSZEIT"},"content":{"rendered":"<p>Erholung f\u00fcr deine SEELE und eine Entdeckungsreise zu den griechischen Berg-Heil-KR\u00c4UTERN.<\/p><p><br>\ud83c\udf31 Riechen, sp\u00fcren, ber\u00fchren,&nbsp;entfalten &amp; kennen lernen? \ud83c\udf31<br><br>Verbinde Dich mit der WAHREN NATUR entdecke das Potential &#8211; in Dir \u2013 wieder!<br><br><br><a href=\"https:\/\/www.achala.org\/\" data-type=\"link\" data-id=\"https:\/\/www.achala.org\/\">https:\/\/www.achala.org\/<\/a><\/p><p><br>Meine Lebenserfahrung und mein Wissen&nbsp;in und mit der Natur m\u00f6chte ich Dir gerne weitergeben.<br><br>\ud83d\udc49 In meinem 1. Seminar vom: <strong>14.5. \u2013 19.5.2025<\/strong><\/p><p>Weitere Seminar-Daten 2025 : <strong>  18.06. &#8211; 23.06.2025  \/\/  23.07. &#8211;  28.07.2025  \/\/  17.09. &#8211; 22.09.2025<\/strong><\/p><p>In Naoussa, unterhalb des Vermio-Gebirges, 90 km westlich von Thessaloniki. <\/p><figure class=\"wp-block-image size-large\"><img loading=\"lazy\" decoding=\"async\" width=\"1024\" height=\"576\" src=\"https:\/\/www.achala.ch\/wp-content\/uploads\/2024\/03\/foto-Zoom-1024x576.jpg\" alt=\"\" class=\"wp-image-1171\" srcset=\"https:\/\/www.achala.ch\/wp-content\/uploads\/2024\/03\/foto-Zoom-1024x576.jpg 1024w, https:\/\/www.achala.ch\/wp-content\/uploads\/2024\/03\/foto-Zoom-300x169.jpg 300w, https:\/\/www.achala.ch\/wp-content\/uploads\/2024\/03\/foto-Zoom-768x432.jpg 768w, https:\/\/www.achala.ch\/wp-content\/uploads\/2024\/03\/foto-Zoom-18x10.jpg 18w, https:\/\/www.achala.ch\/wp-content\/uploads\/2024\/03\/foto-Zoom-600x338.jpg 600w, https:\/\/www.achala.ch\/wp-content\/uploads\/2024\/03\/foto-Zoom.jpg 1280w\" sizes=\"auto, (max-width: 1024px) 100vw, 1024px\" \/><\/figure><h4 class=\"wp-block-heading\"><br>Das Seminar beinhaltet: Entdeckungsreisen &amp; <strong>\u00catre dans la NATURE<\/strong><\/h4><ul class=\"wp-block-list\"><li>Kr\u00e4uterkunde &amp; ihre Heilkr\u00e4fte<\/li>\n\n<li>Bienen, unsere Helfer&nbsp;<\/li>\n\n<li>Salben herstellen<\/li>\n\n<li>Cosm\u00e9tiques naturels<\/li>\n\n<li>Pure Essenzen<\/li>\n\n<li>Pflanzen sammeln<\/li>\n\n<li>Wahrnehmung der Natur<\/li>\n\n<li>Zikaden h\u00f6ren in der H\u00e4ngematte<\/li><\/ul><p><\/p><p>Mein Wohnwagen und das Universum kennenlernen \u2013 weniger ist mehr.<br>Die Natur wahrnehmen  und mehr F\u00dcHLEN lernen.<\/p><p>ICH FREUE MICH AUF DICH !<\/p><p>Sylvia Zurm\u00fchl<\/p><p><\/p><p><\/p>","protected":false},"excerpt":{"rendered":"<p>Erholung f\u00fcr deine SEELE und eine Entdeckungsreise zu den griechischen Berg-Heil-KR\u00c4UTERN. \ud83c\udf31 Riechen, sp\u00fcren, ber\u00fchren,&nbsp;entfalten &amp; kennen lernen? \ud83c\udf31 Verbinde Dich mit der WAHREN NATUR entdecke das Potential &#8211; in Dir \u2013 wieder! https:\/\/www.achala.org\/ Meine Lebenserfahrung und mein Wissen&nbsp;in und mit der Natur m\u00f6chte ich Dir gerne weitergeben. \ud83d\udc49 In&#8230;<\/p>","protected":false},"author":3,"featured_media":1168,"comment_status":"closed","ping_status":"closed","sticky":false,"template":"","format":"standard","meta":{"footnotes":""},"categories":[1],"tags":[],"class_list":["post-1160","post","type-post","status-publish","format-standard","has-post-thumbnail","hentry","category-uncategorized"],"_links":{"self":[{"href":"https:\/\/www.achala.ch\/fr\/wp-json\/wp\/v2\/posts\/1160","targetHints":{"allow":["GET"]}}],"collection":[{"href":"https:\/\/www.achala.ch\/fr\/wp-json\/wp\/v2\/posts"}],"about":[{"href":"https:\/\/www.achala.ch\/fr\/wp-json\/wp\/v2\/types\/post"}],"author":[{"embeddable":true,"href":"https:\/\/www.achala.ch\/fr\/wp-json\/wp\/v2\/users\/3"}],"replies":[{"embeddable":true,"href":"https:\/\/www.achala.ch\/fr\/wp-json\/wp\/v2\/comments?post=1160"}],"version-history":[{"count":12,"href":"https:\/\/www.achala.ch\/fr\/wp-json\/wp\/v2\/posts\/1160\/revisions"}],"predecessor-version":[{"id":1307,"href":"https:\/\/www.achala.ch\/fr\/wp-json\/wp\/v2\/posts\/1160\/revisions\/1307"}],"wp:featuredmedia":[{"embeddable":true,"href":"https:\/\/www.achala.ch\/fr\/wp-json\/wp\/v2\/media\/1168"}],"wp:attachment":[{"href":"https:\/\/www.achala.ch\/fr\/wp-json\/wp\/v2\/media?parent=1160"}],"wp:term":[{"taxonomy":"category","embeddable":true,"href":"https:\/\/www.achala.ch\/fr\/wp-json\/wp\/v2\/categories?post=1160"},{"taxonomy":"post_tag","embeddable":true,"href":"https:\/\/www.achala.ch\/fr\/wp-json\/wp\/v2\/tags?post=1160"}],"curies":[{"name":"wp","href":"https:\/\/api.w.org\/{rel}","templated":true}]}}