{"id":423,"date":"2020-04-20T09:22:54","date_gmt":"2020-04-20T07:22:54","guid":{"rendered":"https:\/\/www.achala.ch\/?p=423"},"modified":"2025-02-21T09:22:07","modified_gmt":"2025-02-21T08:22:07","slug":"nachhaltigkeit-auf-die-sichtweise-kommt-es-an","status":"publish","type":"post","link":"https:\/\/www.achala.ch\/fr\/nachhaltigkeit-auf-die-sichtweise-kommt-es-an\/","title":{"rendered":"Durabilit\u00e9 - tout d\u00e9pend du point de vue"},"content":{"rendered":"<p>Le terme <strong>durabilit\u00e9<\/strong> d\u00e9crit un principe de pens\u00e9e qui incite \u00e0 agir de mani\u00e8re responsable sur le plan \u00e9conomique, \u00e9cologique et social en mati\u00e8re de gestion des ressources. La pens\u00e9e durable est centr\u00e9e sur la coexistence harmonieuse de l'homme et de la nature. La durabilit\u00e9 est souvent assimil\u00e9e \u00e0 la notion de r\u00e9sistance \u00e0 l'avenir. Dans ce contexte, la durabilit\u00e9 se r\u00e9f\u00e8re avant tout \u00e0 l'utilisation des ressources d'une mani\u00e8re qui pr\u00e9serve les bases de la vie li\u00e9es \u00e0 la nature pour les g\u00e9n\u00e9rations suivantes \u00e9galement.<\/p><p>Le d\u00e9veloppement \u00e9conomique des derniers si\u00e8cles, et en particulier la r\u00e9volution industrielle, a entra\u00een\u00e9 un tournant qui \u00e9tait et est toujours de plus en plus li\u00e9 \u00e0 l'exploitation des ressources. Aujourd'hui encore, les mesures \u00e9conomiques conventionnelles et le mode de vie moderne des hommes s'accompagnent de la destruction d'\u00e9cosyst\u00e8mes entiers et d'une r\u00e9duction significative de la biodiversit\u00e9.<\/p><p>La durabilit\u00e9 \u00e9cologique d\u00e9crit l'objectif de pr\u00e9server la nature et l'environnement pour les g\u00e9n\u00e9rations futures. Cela comprend la pr\u00e9servation de la biodiversit\u00e9, la protection du climat, l'entretien des espaces culturels et paysagers dans leur forme originelle ainsi que, de mani\u00e8re g\u00e9n\u00e9rale, une utilisation respectueuse de l'environnement naturel.<\/p><p><strong>Vivre durablement - comment faire?<\/strong><\/p><p>Vivre durablement commence par la perception d'une remise en question de ses propres actions.<\/p><p>Avez-vous d\u00e9j\u00e0 r\u00e9fl\u00e9chi, lorsque vous achetez un produit, \u00e0 tout ce qu'il n\u00e9cessite, de sa fabrication au produit fini, et \u00e0 la quantit\u00e9 de d\u00e9chets qu'il produit ensuite?<\/p><p>R\u00e9fl\u00e9chissez dans votre propre jardin, lorsque les parasites d\u00e9vorent ce que vous avez p\u00e9niblement plant\u00e9, se pourrait-il que l'ennemi naturel n'ait plus d'habitat appropri\u00e9?<\/p><p><strong>R\u00e9apprenez \u00e0 vous demander POURQUOI!<\/strong> Tout cela est-il n\u00e9cessaire \u00e0 la mani\u00e8re dont les choses fonctionnent?<\/p><p>Malheureusement, le capitalisme n'est pas encore pr\u00eat \u00e0 r\u00e9percuter les co\u00fbts de la destruction de l'environnement et de la nature sur les produits concern\u00e9s. Cela donnerait une toute nouvelle vision de la gamme de produits. Les produits bon march\u00e9 d'aujourd'hui deviendraient des dizaines de fois plus chers, mais les produits bio seraient enfin reconnus \u00e0 leur juste valeur.<\/p><p>Prendre conscience de la situation, penser et agir de mani\u00e8re globale est un moyen d'am\u00e9liorer la situation actuelle.<\/p>","protected":false},"excerpt":{"rendered":"<p>Der Begriff Nachhaltigkeit beschreibt ein Denkprinzip, das zu einem auf wirtschaftlicher, \u00f6kologischer und sozialer Ebene verantwortungsvollen Handeln im Umgang mit Ressourcen anleitet. Im Mittelpunkt von nachhaltigem Denken steht ein harmonisches Miteinander von Mensch und Natur. Nachhaltigkeit wird oft mit dem Begriff der \u201eZukunftsbest\u00e4ndigkeit\u201c gleichgesetzt. In diesem Zusammenhang bezieht sich Nachhaltigkeit&#8230;<\/p>","protected":false},"author":1,"featured_media":424,"comment_status":"closed","ping_status":"closed","sticky":false,"template":"","format":"standard","meta":{"footnotes":""},"categories":[1],"tags":[],"class_list":["post-423","post","type-post","status-publish","format-standard","has-post-thumbnail","hentry","category-uncategorized"],"_links":{"self":[{"href":"https:\/\/www.achala.ch\/fr\/wp-json\/wp\/v2\/posts\/423","targetHints":{"allow":["GET"]}}],"collection":[{"href":"https:\/\/www.achala.ch\/fr\/wp-json\/wp\/v2\/posts"}],"about":[{"href":"https:\/\/www.achala.ch\/fr\/wp-json\/wp\/v2\/types\/post"}],"author":[{"embeddable":true,"href":"https:\/\/www.achala.ch\/fr\/wp-json\/wp\/v2\/users\/1"}],"replies":[{"embeddable":true,"href":"https:\/\/www.achala.ch\/fr\/wp-json\/wp\/v2\/comments?post=423"}],"version-history":[{"count":1,"href":"https:\/\/www.achala.ch\/fr\/wp-json\/wp\/v2\/posts\/423\/revisions"}],"predecessor-version":[{"id":425,"href":"https:\/\/www.achala.ch\/fr\/wp-json\/wp\/v2\/posts\/423\/revisions\/425"}],"wp:featuredmedia":[{"embeddable":true,"href":"https:\/\/www.achala.ch\/fr\/wp-json\/wp\/v2\/media\/424"}],"wp:attachment":[{"href":"https:\/\/www.achala.ch\/fr\/wp-json\/wp\/v2\/media?parent=423"}],"wp:term":[{"taxonomy":"category","embeddable":true,"href":"https:\/\/www.achala.ch\/fr\/wp-json\/wp\/v2\/categories?post=423"},{"taxonomy":"post_tag","embeddable":true,"href":"https:\/\/www.achala.ch\/fr\/wp-json\/wp\/v2\/tags?post=423"}],"curies":[{"name":"wp","href":"https:\/\/api.w.org\/{rel}","templated":true}]}}